{"id":506,"date":"2022-06-03T21:56:47","date_gmt":"2022-06-03T21:56:47","guid":{"rendered":"https:\/\/eptma.eu\/?p=506"},"modified":"2022-06-28T19:23:11","modified_gmt":"2022-06-28T19:23:11","slug":"webkonferencia-2020-eloadasok","status":"publish","type":"post","link":"https:\/\/eptma.eu\/en\/webkonferencia-2020-eloadasok\/","title":{"rendered":"2020 A Negat\u00edv Gyermekkori \u00c9lm\u00e9nyek Hat\u00e1sa a Szenved\u00e9lybetegs\u00e9gek Kialakul\u00e1s\u00e1ra, A Felismer\u00e9s \u00c9s A Megel\u0151z\u00e9s Lehet\u0151s\u00e9ge; K\u00e1bit\u00f3szerprevenci\u00f3 Az Iskolapad Mellett \u2013 Webkonferencia El\u0151ad\u00e1sok"},"content":{"rendered":"<p><strong>A k\u00f6zvet\u00edt\u00e9s helysz\u00edne:<\/strong> Bornemisza P\u00e9ter Gimn\u00e1zium, Audit\u00f3rium, 2020. szeptember 30.<br \/>\n<strong>F\u0151v\u00e9dn\u00f6k:<\/strong> Prof. Dr. K\u00e1sler Mikl\u00f3s, az emberi er\u0151forr\u00e1sok minisztere<\/p>\n<p>A r\u00e9szletes program <a href=\"https:\/\/eptma.eu\/webkonferencia-2020\/\" target=\"_blank\" rel=\"noopener\">itt megtekinthet\u0151.<\/a><\/p>\n<div class=\"webkonferencia2020\">\n<table style=\"width: 100%; border-collapse: collapse;\">\n<tbody>\n<tr style=\"border: none; border-bottom: 1px solid #23282d;\">\n<td style=\"padding-top: 15px; border: none; width: 50%;\">\n<h3>1. <a href=\"https:\/\/eptma.eu\/megnyito-es-koszonto-furesz-tunde-horvath-andras\/\" target=\"_blank\" rel=\"noopener\">Megnyit\u00f3 \u00e9s k\u00f6sz\u00f6nt\u0151 <\/a><\/h3>\n<p>Majzik Bal\u00e1zs <span style=\"font-size: 10pt;\"><em>(Nemzeti N\u00e9peg\u00e9szs\u00e9g\u00fcgyi K\u00f6zpont, Drogmegel\u0151z\u00e9si Programok Oszt\u00e1ly, oszt\u00e1lyvezet\u0151)<br \/>\n<\/em><\/span>F\u0171r\u00e9sz T\u00fcnde <span style=\"font-size: 10pt;\"><em>(Kopp M\u00e1ria Int\u00e9zet a N\u00e9pesed\u00e9s\u00e9rt \u00e9s a Csal\u00e1dok\u00e9rt (KINCS), eln\u00f6k)<br \/>\n<\/em><\/span>Horv\u00e1th Andr\u00e1s <span style=\"font-size: 10pt;\"><em>(Bornemisza P\u00e9ter Gimn\u00e1zium, igazgat\u00f3)<\/em><\/span><\/td>\n<td style=\"padding-top: 15px; border: none; width: 50%;\"><a href=\"https:\/\/eptma.eu\/megnyito-es-koszonto-furesz-tunde-horvath-andras\/\" target=\"_blank\" rel=\"noopener\"><img loading=\"lazy\" decoding=\"async\" class=\"aligncenter size-full wp-image-3695\" src=\"https:\/\/majbeteg.hu\/wp-content\/uploads\/2020\/11\/webkonf2020__0000_vlcsnap-2020-11-10-23h42m20s809.png.jpg\" alt=\"\" width=\"267\" height=\"150\" \/><\/a><\/td>\n<\/tr>\n<tr style=\"border: none; border-bottom: 1px solid #23282d;\">\n<td style=\"padding-top: 15px; border: none; width: 50%;\">\n<h3>2. <a href=\"https:\/\/eptma.eu\/elso-elettortenet\/\" target=\"_blank\" rel=\"noopener\">Els\u0151 \u00c9lett\u00f6rt\u00e9net<\/a><\/h3>\n<\/td>\n<td style=\"padding-top: 15px; border: none; width: 50%;\"><a href=\"https:\/\/eptma.eu\/elso-elettortenet\/\" target=\"_blank\" rel=\"noopener\"><img loading=\"lazy\" decoding=\"async\" class=\"aligncenter size-full wp-image-3706\" src=\"https:\/\/majbeteg.hu\/wp-content\/uploads\/2020\/11\/webkonf2020__0011_vlcsnap-2020-11-11-00h30m23s550.png.jpg\" alt=\"\" width=\"267\" height=\"150\" \/><\/a><\/td>\n<\/tr>\n<tr style=\"border: none; border-bottom: 1px solid #23282d;\">\n<td style=\"padding-top: 15px; border: none; width: 50%;\">\n<h3>3. <a href=\"https:\/\/eptma.eu\/a-gyermekkor-es-a-felnottkor-osszefuggesei-a-nemzetkozi-vizsgalatok-tukreben-adverse-childhood-experiences-ace-studyk-es-drogstudyk-osszefuggesei-makara-mihaly\/\" target=\"_blank\" rel=\"noopener\">A gyermekkor \u00e9s a feln\u0151ttkor \u00f6sszef\u00fcgg\u00e9sei a nemzetk\u00f6zi vizsg\u00e1latok t\u00fckr\u00e9ben (Adverse Childhood Experiences (ACE) studyk \u00e9s drogstudyk \u00f6sszef\u00fcgg\u00e9sei)<\/a><\/h3>\n<p>Makara Mih\u00e1ly <span style=\"font-size: 10pt;\"><em>(D\u00e9l-pesti Centrumk\u00f3rh\u00e1z \u2013 Orsz\u00e1gos Hematol\u00f3giai \u00e9s Infektol\u00f3giai Int\u00e9zet, Szent L\u00e1szl\u00f3 K\u00f3rh\u00e1z telephely)<\/em><\/span><\/td>\n<td style=\"padding-top: 15px; border: none; width: 50%;\"><a href=\"https:\/\/eptma.eu\/a-gyermekkor-es-a-felnottkor-osszefuggesei-a-nemzetkozi-vizsgalatok-tukreben-adverse-childhood-experiences-ace-studyk-es-drogstudyk-osszefuggesei-makara-mihaly\/\" target=\"_blank\" rel=\"noopener\"><img loading=\"lazy\" decoding=\"async\" class=\"aligncenter size-full wp-image-3697\" src=\"https:\/\/majbeteg.hu\/wp-content\/uploads\/2020\/11\/webkonf2020__0002_vlcsnap-2020-11-11-00h27m01s656.png.jpg\" alt=\"\" width=\"267\" height=\"150\" \/><\/a><\/td>\n<\/tr>\n<tr style=\"border: none; border-bottom: 1px solid #23282d;\">\n<td style=\"padding-top: 15px; border: none; width: 50%;\">\n<h3>4. <a href=\"https:\/\/eptma.eu\/negativ-gyermekkori-elmenyek-a-hazai-vizsgalatok-eddigi-eredmenyei-kulonos-tekintettel-a-fertozo-majbetegsegben-szenvedo-kabitoszerfogyasztok-adataira-gal-martina\/\" target=\"_blank\" rel=\"noopener\">Negat\u00edv gyermekkori \u00e9lm\u00e9nyek: a hazai vizsg\u00e1latok eddigi eredm\u00e9nyei k\u00fcl\u00f6n\u00f6s tekintettel a fert\u0151z\u0151 m\u00e1jbetegs\u00e9gben szenved\u0151 k\u00e1b\u00edt\u00f3szerfogyaszt\u00f3k adataira<\/a><\/h3>\n<p>G\u00e1l Martina <span style=\"font-size: 10pt;\"><em>(Eur\u00f3pai Prevenci\u00f3s \u00e9s Ter\u00e1pi\u00e1s Medicina Alap\u00edtv\u00e1ny)<\/em><\/span><\/td>\n<td style=\"padding-top: 15px; border: none; width: 50%;\"><a href=\"https:\/\/eptma.eu\/negativ-gyermekkori-elmenyek-a-hazai-vizsgalatok-eddigi-eredmenyei-kulonos-tekintettel-a-fertozo-majbetegsegben-szenvedo-kabitoszerfogyasztok-adataira-gal-martina\/\" target=\"_blank\" rel=\"noopener\"><img loading=\"lazy\" decoding=\"async\" class=\"aligncenter size-full wp-image-3698\" src=\"https:\/\/majbeteg.hu\/wp-content\/uploads\/2020\/11\/webkonf2020__0003_vlcsnap-2020-11-11-00h27m17s176.png.jpg\" alt=\"\" width=\"267\" height=\"150\" \/><\/a><\/td>\n<\/tr>\n<tr style=\"border: none; border-bottom: 1px solid #23282d;\">\n<td style=\"padding-top: 15px; border: none; width: 50%;\">\n<h3>5. <a href=\"https:\/\/eptma.eu\/pozitiv-gyermekkori-elmenyek-hogyan-alakithato-ki-a-reziliencia-matuszka-balazs\/\" target=\"_blank\" rel=\"noopener\">Pozit\u00edv gyermekkori \u00e9lm\u00e9nyek: hogyan alak\u00edthat\u00f3 ki a reziliencia?<\/a><\/h3>\n<p>Matuszka Bal\u00e1zs <span style=\"font-size: 10pt;\"><em>(P\u00e1zm\u00e1ny P\u00e9ter Katolikus Egyetem B\u00f6lcs\u00e9szet- \u00e9s T\u00e1rsadalomtudom\u00e1nyi Kar, Pszichol\u00f3giai Int\u00e9zet)<\/em><\/span><\/td>\n<td style=\"padding-top: 15px; border: none; width: 50%;\"><a href=\"https:\/\/eptma.eu\/pozitiv-gyermekkori-elmenyek-hogyan-alakithato-ki-a-reziliencia-matuszka-balazs\/\" target=\"_blank\" rel=\"noopener\"><img loading=\"lazy\" decoding=\"async\" class=\"aligncenter size-full wp-image-3699\" src=\"https:\/\/majbeteg.hu\/wp-content\/uploads\/2020\/11\/webkonf2020__0004_vlcsnap-2020-11-11-00h27m27s620.png.jpg\" alt=\"\" width=\"267\" height=\"150\" \/><\/a><\/td>\n<\/tr>\n<tr style=\"border: none; border-bottom: 1px solid #23282d;\">\n<td style=\"padding-top: 15px; border: none; width: 50%;\">\n<h3>6. <a href=\"https:\/\/eptma.eu\/mit-lehet-tenni-fiatal-felnott-korban-szabo-zsuzsanna\/\" target=\"_blank\" rel=\"noopener\">Mit lehet tenni fiatal feln\u0151tt korban?<\/a><\/h3>\n<p>Szab\u00f3 Zsuzsanna <span style=\"font-size: 10pt;\"><em>(D\u00e9l-pesti Centrumk\u00f3rh\u00e1z \u2013 Orsz\u00e1gos Hematol\u00f3giai \u00e9s Infektol\u00f3giai Int\u00e9zet, Szent L\u00e1szl\u00f3 K\u00f3rh\u00e1z telephely, klinikai szakpszichol\u00f3gus)<\/em><\/span><\/td>\n<td style=\"padding-top: 15px; border: none; width: 50%;\"><a href=\"https:\/\/eptma.eu\/mit-lehet-tenni-fiatal-felnott-korban-szabo-zsuzsanna\/\" target=\"_blank\" rel=\"noopener\"><img loading=\"lazy\" decoding=\"async\" class=\"aligncenter size-full wp-image-3700\" src=\"https:\/\/majbeteg.hu\/wp-content\/uploads\/2020\/11\/webkonf2020__0005_vlcsnap-2020-11-11-00h27m37s135.png.jpg\" alt=\"\" width=\"267\" height=\"150\" \/><\/a><\/td>\n<\/tr>\n<tr style=\"border: none; border-bottom: 1px solid #23282d;\">\n<td style=\"padding-top: 15px; border: none; width: 50%;\">\n<h3>7. <a href=\"https:\/\/eptma.eu\/a-bantalmazott-gyermekek-felismeresenek-legfontosabb-kulcsai-csak-annamaria\/\" target=\"_blank\" rel=\"noopener\">A b\u00e1ntalmazott gyermekek felismer\u00e9s\u00e9nek legfontosabb kulcsai<\/a><\/h3>\n<p>Cs\u00e1k Annam\u00e1ria <span style=\"font-size: 10pt;\"><em>(Klinikai gyermek szakpszichol\u00f3gus pszichoterapeuta)<\/em><\/span><\/td>\n<td style=\"padding-top: 15px; border: none; width: 50%;\"><a href=\"https:\/\/eptma.eu\/a-bantalmazott-gyermekek-felismeresenek-legfontosabb-kulcsai-csak-annamaria\/\" target=\"_blank\" rel=\"noopener\"><img loading=\"lazy\" decoding=\"async\" class=\"aligncenter size-full wp-image-3701\" src=\"https:\/\/majbeteg.hu\/wp-content\/uploads\/2020\/11\/webkonf2020__0006_vlcsnap-2020-11-11-00h28m06s684.png.jpg\" alt=\"\" width=\"267\" height=\"150\" \/><\/a><\/td>\n<\/tr>\n<tr style=\"border: none; border-bottom: 1px solid #23282d;\">\n<td style=\"padding-top: 15px; border: none; width: 50%;\">\n<h3>8. <a href=\"https:\/\/eptma.eu\/munka-kezeletlen-kezelhetetlenekkel-k-nemeth-margit\/\" target=\"_blank\" rel=\"noopener\">Munka kezeletlen kezelhetetlenekkel<\/a><\/h3>\n<p>K. N\u00e9meth Margit <span style=\"font-size: 10pt;\"><em>(Pill\u00e9r Pszichoter\u00e1pi\u00e1s Mag\u00e1nrendel\u0151, klinikai szakpszichol\u00f3gus \u00e9s kik\u00e9pz\u0151 pszichoterapeuta)<\/em><\/span><\/td>\n<td style=\"padding-top: 15px; border: none; width: 50%;\"><a href=\"https:\/\/eptma.eu\/munka-kezeletlen-kezelhetetlenekkel-k-nemeth-margit\/\" target=\"_blank\" rel=\"noopener\"><img loading=\"lazy\" decoding=\"async\" class=\"aligncenter size-full wp-image-3702\" src=\"https:\/\/majbeteg.hu\/wp-content\/uploads\/2020\/11\/webkonf2020__0007_vlcsnap-2020-11-11-00h28m16s784.png.jpg\" alt=\"\" width=\"267\" height=\"150\" \/><\/a><\/td>\n<\/tr>\n<tr style=\"border: none; border-bottom: 1px solid #23282d;\">\n<td style=\"padding-top: 15px; border: none; width: 50%;\">\n<h3>9. <a href=\"https:\/\/eptma.eu\/masodik-elettortenet\/\" target=\"_blank\" rel=\"noopener\">M\u00e1sodik \u00e9lett\u00f6rt\u00e9net<\/a><\/h3>\n<\/td>\n<td style=\"padding-top: 15px; border: none; width: 50%;\"><a href=\"https:\/\/eptma.eu\/masodik-elettortenet\/\" target=\"_blank\" rel=\"noopener\"><img loading=\"lazy\" decoding=\"async\" class=\"aligncenter size-full wp-image-3703\" src=\"https:\/\/majbeteg.hu\/wp-content\/uploads\/2020\/11\/webkonf2020__0008_vlcsnap-2020-11-11-00h28m25s124.png.jpg\" alt=\"\" width=\"267\" height=\"150\" \/><\/a><\/td>\n<\/tr>\n<tr style=\"border: none; border-bottom: 1px solid #23282d;\">\n<td style=\"padding-top: 15px; border: none; width: 50%;\">\n<h3>10. <a href=\"https:\/\/eptma.eu\/apa-anya-pia-es-a-gyerekek-franko-andras\/\" target=\"_blank\" rel=\"noopener\">Apa, anya, pia \u00e9s a gyerekek<\/a><\/h3>\n<p>Frank\u00f3 Andr\u00e1s <span style=\"font-size: 10pt;\"><em>(Magyar M\u00e1ltai Szeretetszolg\u00e1lat)<\/em><\/span><\/td>\n<td style=\"padding-top: 15px; border: none; width: 50%;\"><a href=\"https:\/\/eptma.eu\/apa-anya-pia-es-a-gyerekek-franko-andras\/\" target=\"_blank\" rel=\"noopener\"><img loading=\"lazy\" decoding=\"async\" class=\"aligncenter size-full wp-image-3704\" src=\"https:\/\/majbeteg.hu\/wp-content\/uploads\/2020\/11\/webkonf2020__0009_vlcsnap-2020-11-11-00h28m34s841.png.jpg\" alt=\"\" width=\"267\" height=\"150\" \/><\/a><\/td>\n<\/tr>\n<tr style=\"border: none; border-bottom: 1px solid #23282d;\">\n<td style=\"padding-top: 15px; border: none; width: 50%;\">\n<h3>11. <a href=\"https:\/\/eptma.eu\/prevencios-es-rehabilitacio-lehetosege-az-emberbarat-alapitvanynal-bato-eva\/\" target=\"_blank\" rel=\"noopener\">Prevenci\u00f3s \u00e9s rehabilit\u00e1ci\u00f3 lehet\u0151s\u00e9ge az Emberbar\u00e1t Alap\u00edtv\u00e1nyn\u00e1l<\/a><\/h3>\n<p>Bat\u00f3 \u00c9va <span style=\"font-size: 10pt;\"><em>(Emberbar\u00e1t Alap\u00edtv\u00e1ny, tr\u00e9ner, coach)<\/em><\/span><\/td>\n<td style=\"padding-top: 15px; border: none; width: 50%;\"><a href=\"https:\/\/eptma.eu\/prevencios-es-rehabilitacio-lehetosege-az-emberbarat-alapitvanynal-bato-eva\/\" target=\"_blank\" rel=\"noopener\"><img loading=\"lazy\" decoding=\"async\" class=\"aligncenter size-full wp-image-3710\" src=\"https:\/\/majbeteg.hu\/wp-content\/uploads\/2020\/11\/webkonf2020__0015_vlcsnap-2020-11-11-14h15m20s345.png.jpg\" alt=\"\" width=\"267\" height=\"150\" \/><\/a><\/td>\n<\/tr>\n<tr style=\"border: none; border-bottom: 1px solid #23282d;\">\n<td style=\"padding-top: 15px; border: none; width: 50%;\">\n<h3>12. <a href=\"https:\/\/eptma.eu\/kabitoszer-egyezteto-forumok-kef-ek-szerepe-a-prevencioban-majzik-balazs\/\" target=\"_blank\" rel=\"noopener\">K\u00e1b\u00edt\u00f3szer Egyeztet\u0151 F\u00f3rumok (KEF)-ek szerepe a prevenci\u00f3ban<\/a><\/h3>\n<p>Majzik Bal\u00e1zs <span style=\"font-size: 10pt;\"><em>(Nemzeti N\u00e9peg\u00e9szs\u00e9g\u00fcgyi K\u00f6zpont, Drogmegel\u0151z\u00e9si Programok Oszt\u00e1ly, oszt\u00e1lyvezet\u0151)<\/em><\/span><\/td>\n<td style=\"padding-top: 15px; border: none; width: 50%;\"><a href=\"https:\/\/eptma.eu\/kabitoszer-egyezteto-forumok-kef-ek-szerepe-a-prevencioban-majzik-balazs\/\" target=\"_blank\" rel=\"noopener\"><img loading=\"lazy\" decoding=\"async\" class=\"aligncenter size-full wp-image-3705\" src=\"https:\/\/majbeteg.hu\/wp-content\/uploads\/2020\/11\/webkonf2020__0010_vlcsnap-2020-11-11-00h30m16s760.png.jpg\" alt=\"\" width=\"267\" height=\"150\" \/><\/a><\/td>\n<\/tr>\n<tr style=\"padding-top: 5px; border: none; border-bottom: 1px solid #23282d;\">\n<td style=\"padding-top: 15px; border: none; width: 50%;\">\n<h3>13. <a href=\"https:\/\/eptma.eu\/harmadik-elettortenet\/\" target=\"_blank\" rel=\"noopener\">Harmadik \u00e9lett\u00f6rt\u00e9net<\/a><\/h3>\n<\/td>\n<td style=\"padding-top: 15px; border: none; width: 50%;\"><a href=\"https:\/\/eptma.eu\/harmadik-elettortenet\/\" target=\"_blank\" rel=\"noopener\"><img loading=\"lazy\" decoding=\"async\" class=\"aligncenter size-full wp-image-3706\" src=\"https:\/\/majbeteg.hu\/wp-content\/uploads\/2020\/11\/webkonf2020__0011_vlcsnap-2020-11-11-00h30m23s550.png.jpg\" alt=\"\" width=\"267\" height=\"150\" \/><\/a><\/td>\n<\/tr>\n<tr style=\"border: none; border-bottom: 1px solid #23282d;\">\n<td style=\"padding-top: 15px; border: none; width: 50%;\">\n<h3>14. <a href=\"https:\/\/eptma.eu\/gyermekvedelem-alulnezetbol-jarmi-eva\/\" target=\"_blank\" rel=\"noopener\">Gyermekv\u00e9delem aluln\u00e9zetb\u0151l<\/a><\/h3>\n<p>J\u00e1rmi \u00c9va <span style=\"font-size: 10pt;\"><em>(E\u00f6tv\u00f6s Lor\u00e1nd Tudom\u00e1nyegyetem Pedag\u00f3giai \u00e9s Pszichol\u00f3giai Kar, Pszichol\u00f3giai Int\u00e9zet)<\/em><\/span><\/td>\n<td style=\"padding-top: 15px; border: none; width: 50%;\"><a href=\"https:\/\/eptma.eu\/gyermekvedelem-alulnezetbol-jarmi-eva\/\" target=\"_blank\" rel=\"noopener\"><img loading=\"lazy\" decoding=\"async\" class=\"aligncenter size-full wp-image-3707\" src=\"https:\/\/majbeteg.hu\/wp-content\/uploads\/2020\/11\/webkonf2020__0012_vlcsnap-2020-11-11-00h30m31s191.png.jpg\" alt=\"\" width=\"267\" height=\"150\" \/><\/a><\/td>\n<\/tr>\n<tr style=\"border: none; border-bottom: 1px solid #23282d;\">\n<td style=\"padding-top: 15px; border: none; width: 50%;\">\n<h3>15. <a href=\"https:\/\/eptma.eu\/bantalmazott-gyermekek-kivizsgalasa-es-ellatasa-a-barnahus-modszer-lazaryne-illes-maria\/\" target=\"_blank\" rel=\"noopener\">B\u00e1ntalmazott gyermekek kivizsg\u00e1l\u00e1sa \u00e9s ell\u00e1t\u00e1sa (a Barnahus m\u00f3dszer)<\/a><\/h3>\n<p>L\u00e1z\u00e1ryn\u00e9 Ill\u00e9s M\u00e1ria <span style=\"font-size: 10pt;\"><em>(Barnahus, Szombathely)<\/em><\/span><\/td>\n<td style=\"padding-top: 15px; border: none; width: 50%;\"><a href=\"https:\/\/eptma.eu\/bantalmazott-gyermekek-kivizsgalasa-es-ellatasa-a-barnahus-modszer-lazaryne-illes-maria\/\" target=\"_blank\" rel=\"noopener\"><img loading=\"lazy\" decoding=\"async\" class=\"aligncenter size-full wp-image-3708\" src=\"https:\/\/majbeteg.hu\/wp-content\/uploads\/2020\/11\/webkonf2020__0013_vlcsnap-2020-11-11-00h30m39s842.png.jpg\" alt=\"\" width=\"267\" height=\"150\" \/><\/a><\/td>\n<\/tr>\n<tr style=\"border: none; border-bottom: 1px solid #23282d;\">\n<td style=\"padding-top: 15px; border: none; width: 50%;\">\n<h3>16. <a href=\"https:\/\/eptma.eu\/iceland-planet-youth-methodology-angol-nyelvu-eloadas-jon-sigfusson\/\" target=\"_blank\" rel=\"noopener\">Iceland Planet Youth methodology<\/a><\/h3>\n<p>J\u00f3n Sigfusson <span style=\"font-size: 10pt;\"><em>(Director, Planet Youth Icelandic Center for Social Research and Analysis, Reykjavik University)<\/em><\/span><\/td>\n<td style=\"padding-top: 15px; border: none; width: 50%;\"><a href=\"https:\/\/eptma.eu\/iceland-planet-youth-methodology-angol-nyelvu-eloadas-jon-sigfusson\/\" target=\"_blank\" rel=\"noopener\"><img loading=\"lazy\" decoding=\"async\" class=\"aligncenter size-full wp-image-3709\" src=\"https:\/\/majbeteg.hu\/wp-content\/uploads\/2020\/11\/webkonf2020__0014_vlcas.jpg\" alt=\"\" width=\"267\" height=\"150\" \/><\/a><\/td>\n<\/tr>\n<tr style=\"border: none;\">\n<td style=\"padding-top: 15px; border: none; width: 50%;\">\n<h3>17. <a href=\"https:\/\/eptma.eu\/vita-es-zarszo-hogyan-tovabb-matuszka-balazs-makara-mihaly\/\" target=\"_blank\" rel=\"noopener\">Z\u00e1rsz\u00f3: hogyan tov\u00e1bb?<\/a><\/h3>\n<p>Matuszka Bal\u00e1zs <span style=\"font-size: 10pt;\"><em>(P\u00e1zm\u00e1ny P\u00e9ter Katolikus Egyetem B\u00f6lcs\u00e9szet- \u00e9s T\u00e1rsadalomtudom\u00e1nyi Kar, Pszichol\u00f3giai Int\u00e9zet)<br \/>\n<\/em><\/span> Makara Mih\u00e1ly <span style=\"font-size: 10pt;\"><em>(D\u00e9l-pesti Centrumk\u00f3rh\u00e1z \u2013 Orsz\u00e1gos Hematol\u00f3giai \u00e9s Infektol\u00f3giai Int\u00e9zet, Szent L\u00e1szl\u00f3 K\u00f3rh\u00e1z telephely)<\/em><\/span><\/td>\n<td style=\"padding-top: 15px; border: none; width: 50%;\"><a href=\"https:\/\/eptma.eu\/vita-es-zarszo-hogyan-tovabb-matuszka-balazs-makara-mihaly\/\" target=\"_blank\" rel=\"noopener\"><img loading=\"lazy\" decoding=\"async\" class=\"aligncenter size-full wp-image-3696\" src=\"https:\/\/majbeteg.hu\/wp-content\/uploads\/2020\/11\/webkonf2020__0001_vlcsnap-2020-11-11-00h26m45s808.png.jpg\" alt=\"\" width=\"267\" height=\"150\" \/><\/a><\/td>\n<\/tr>\n<\/tbody>\n<\/table>\n<\/div>","protected":false},"excerpt":{"rendered":"<p>A k\u00f6zvet\u00edt\u00e9s helysz\u00edne: Bornemisza P\u00e9ter Gimn\u00e1zium, Audit\u00f3rium, 2020. szeptember 30. F\u0151v\u00e9dn\u00f6k: Prof. Dr. K\u00e1sler Mikl\u00f3s, az emberi er\u0151forr\u00e1sok minisztere A r\u00e9szletes program itt megtekinthet\u0151. 1. Megnyit\u00f3 \u00e9s k\u00f6sz\u00f6nt\u0151 Majzik Bal\u00e1zs &#8230;<\/p>","protected":false},"author":1,"featured_media":0,"comment_status":"open","ping_status":"open","sticky":false,"template":"","format":"standard","meta":{"footnotes":"","_links_to":"","_links_to_target":""},"categories":[34],"tags":[],"class_list":["post-506","post","type-post","status-publish","format-standard","hentry","category-rendezvenyek"],"_links":{"self":[{"href":"https:\/\/eptma.eu\/en\/wp-json\/wp\/v2\/posts\/506","targetHints":{"allow":["GET"]}}],"collection":[{"href":"https:\/\/eptma.eu\/en\/wp-json\/wp\/v2\/posts"}],"about":[{"href":"https:\/\/eptma.eu\/en\/wp-json\/wp\/v2\/types\/post"}],"author":[{"embeddable":true,"href":"https:\/\/eptma.eu\/en\/wp-json\/wp\/v2\/users\/1"}],"replies":[{"embeddable":true,"href":"https:\/\/eptma.eu\/en\/wp-json\/wp\/v2\/comments?post=506"}],"version-history":[{"count":5,"href":"https:\/\/eptma.eu\/en\/wp-json\/wp\/v2\/posts\/506\/revisions"}],"predecessor-version":[{"id":3945,"href":"https:\/\/eptma.eu\/en\/wp-json\/wp\/v2\/posts\/506\/revisions\/3945"}],"wp:attachment":[{"href":"https:\/\/eptma.eu\/en\/wp-json\/wp\/v2\/media?parent=506"}],"wp:term":[{"taxonomy":"category","embeddable":true,"href":"https:\/\/eptma.eu\/en\/wp-json\/wp\/v2\/categories?post=506"},{"taxonomy":"post_tag","embeddable":true,"href":"https:\/\/eptma.eu\/en\/wp-json\/wp\/v2\/tags?post=506"}],"curies":[{"name":"wp","href":"https:\/\/api.w.org\/{rel}","templated":true}]}}